{"id":1314,"date":"2021-11-07T11:06:00","date_gmt":"2021-11-07T10:06:00","guid":{"rendered":"https:\/\/kvsunneblum.de\/?p=1314"},"modified":"2022-01-10T11:08:51","modified_gmt":"2022-01-10T10:08:51","slug":"saisoneroeffnung-2","status":"publish","type":"post","link":"https:\/\/kvsunneblum.de\/?p=1314","title":{"rendered":"Saisoner\u00f6ffnung"},"content":{"rendered":"\n<p>Helau ihr Narren\ud83e\udd73\ud83e\udd70\ud83c\udf3b<\/p>\n\n\n\n<p>Am Feitag, den 12.11, ab 18.11 Uhr, findet die Saisoner\u00f6ffnung 2021\/22 auf dem Brunnenplatz in Guldental statt. Die Narren der Sunneblum bekommen den Rathausschl\u00fcssel \u00fcbergeben und verk\u00fcnden das Motto der Saison. Unsere Tanzgruppen werden uns mit Einblicken in ihrer T\u00e4nze verzaubern, des weiteren werden einige karnevalistische Impulse zum besten gegeben. Unterst\u00fctzt werden wir wie immer von unserer Winzerkapelle<\/p>\n\n\n\n<p>Wir freuen uns auf euren Besuch! \ud83c\udf3b\ud83c\udf8a<\/p>\n\n\n\n<figure class=\"wp-block-image size-full\"><img loading=\"lazy\" decoding=\"async\" width=\"905\" height=\"727\" src=\"https:\/\/kvsunneblum.de\/wp-content\/uploads\/2022\/01\/254925765_958711721380622_6361912728152423846_n.jpg\" alt=\"\" class=\"wp-image-1315\" srcset=\"https:\/\/kvsunneblum.de\/wp-content\/uploads\/2022\/01\/254925765_958711721380622_6361912728152423846_n.jpg 905w, https:\/\/kvsunneblum.de\/wp-content\/uploads\/2022\/01\/254925765_958711721380622_6361912728152423846_n-300x241.jpg 300w, https:\/\/kvsunneblum.de\/wp-content\/uploads\/2022\/01\/254925765_958711721380622_6361912728152423846_n-768x617.jpg 768w, https:\/\/kvsunneblum.de\/wp-content\/uploads\/2022\/01\/254925765_958711721380622_6361912728152423846_n-600x482.jpg 600w\" sizes=\"auto, (max-width: 905px) 100vw, 905px\" \/><\/figure>\n","protected":false},"excerpt":{"rendered":"<p>Helau ihr Narren\ud83e\udd73\ud83e\udd70\ud83c\udf3b Am Feitag, den 12.11, ab 18.11 Uhr, findet die Saisoner\u00f6ffnung 2021\/22 auf dem Brunnenplatz in Guldental statt. Die Narren der Sunneblum bekommen den Rathausschl\u00fcssel \u00fcbergeben und verk\u00fcnden das Motto der Saison. Unsere Tanzgruppen werden uns mit Einblicken in ihrer T\u00e4nze verzaubern, des weiteren werden einige karnevalistische Impulse zum besten gegeben. Unterst\u00fctzt werden [&hellip;]<\/p>\n","protected":false},"author":1,"featured_media":0,"comment_status":"open","ping_status":"open","sticky":false,"template":"","format":"standard","meta":{"site-sidebar-layout":"default","site-content-layout":"","ast-site-content-layout":"default","site-content-style":"default","site-sidebar-style":"default","ast-global-header-display":"","ast-banner-title-visibility":"","ast-main-header-display":"","ast-hfb-above-header-display":"","ast-hfb-below-header-display":"","ast-hfb-mobile-header-display":"","site-post-title":"","ast-breadcrumbs-content":"","ast-featured-img":"","footer-sml-layout":"","ast-disable-related-posts":"","theme-transparent-header-meta":"","adv-header-id-meta":"","stick-header-meta":"","header-above-stick-meta":"","header-main-stick-meta":"","header-below-stick-meta":"","astra-migrate-meta-layouts":"default","ast-page-background-enabled":"default","ast-page-background-meta":{"desktop":{"background-color":"","background-image":"","background-repeat":"repeat","background-position":"center center","background-size":"auto","background-attachment":"scroll","background-type":"","background-media":"","overlay-type":"","overlay-color":"","overlay-opacity":"","overlay-gradient":""},"tablet":{"background-color":"","background-image":"","background-repeat":"repeat","background-position":"center center","background-size":"auto","background-attachment":"scroll","background-type":"","background-media":"","overlay-type":"","overlay-color":"","overlay-opacity":"","overlay-gradient":""},"mobile":{"background-color":"","background-image":"","background-repeat":"repeat","background-position":"center center","background-size":"auto","background-attachment":"scroll","background-type":"","background-media":"","overlay-type":"","overlay-color":"","overlay-opacity":"","overlay-gradient":""}},"ast-content-background-meta":{"desktop":{"background-color":"var(--ast-global-color-5)","background-image":"","background-repeat":"repeat","background-position":"center center","background-size":"auto","background-attachment":"scroll","background-type":"","background-media":"","overlay-type":"","overlay-color":"","overlay-opacity":"","overlay-gradient":""},"tablet":{"background-color":"var(--ast-global-color-5)","background-image":"","background-repeat":"repeat","background-position":"center center","background-size":"auto","background-attachment":"scroll","background-type":"","background-media":"","overlay-type":"","overlay-color":"","overlay-opacity":"","overlay-gradient":""},"mobile":{"background-color":"var(--ast-global-color-5)","background-image":"","background-repeat":"repeat","background-position":"center center","background-size":"auto","background-attachment":"scroll","background-type":"","background-media":"","overlay-type":"","overlay-color":"","overlay-opacity":"","overlay-gradient":""}},"footnotes":""},"categories":[1],"tags":[22,10,20,29],"class_list":["post-1314","post","type-post","status-publish","format-standard","hentry","category-allgemein","tag-fastnacht","tag-kvsunneblum","tag-saisoneroeffnung","tag-termine"],"_links":{"self":[{"href":"https:\/\/kvsunneblum.de\/index.php?rest_route=\/wp\/v2\/posts\/1314","targetHints":{"allow":["GET"]}}],"collection":[{"href":"https:\/\/kvsunneblum.de\/index.php?rest_route=\/wp\/v2\/posts"}],"about":[{"href":"https:\/\/kvsunneblum.de\/index.php?rest_route=\/wp\/v2\/types\/post"}],"author":[{"embeddable":true,"href":"https:\/\/kvsunneblum.de\/index.php?rest_route=\/wp\/v2\/users\/1"}],"replies":[{"embeddable":true,"href":"https:\/\/kvsunneblum.de\/index.php?rest_route=%2Fwp%2Fv2%2Fcomments&post=1314"}],"version-history":[{"count":0,"href":"https:\/\/kvsunneblum.de\/index.php?rest_route=\/wp\/v2\/posts\/1314\/revisions"}],"wp:attachment":[{"href":"https:\/\/kvsunneblum.de\/index.php?rest_route=%2Fwp%2Fv2%2Fmedia&parent=1314"}],"wp:term":[{"taxonomy":"category","embeddable":true,"href":"https:\/\/kvsunneblum.de\/index.php?rest_route=%2Fwp%2Fv2%2Fcategories&post=1314"},{"taxonomy":"post_tag","embeddable":true,"href":"https:\/\/kvsunneblum.de\/index.php?rest_route=%2Fwp%2Fv2%2Ftags&post=1314"}],"curies":[{"name":"wp","href":"https:\/\/api.w.org\/{rel}","templated":true}]}}