{"id":2408,"date":"2024-02-13T18:51:08","date_gmt":"2024-02-13T17:51:08","guid":{"rendered":"https:\/\/kvsunneblum.de\/?p=2408"},"modified":"2024-02-13T18:51:08","modified_gmt":"2024-02-13T17:51:08","slug":"bald-ist-wieder-aschermittwoch","status":"publish","type":"post","link":"https:\/\/kvsunneblum.de\/?p=2408","title":{"rendered":"Bald ist wieder Aschermittwoch"},"content":{"rendered":"\n<p>Mit dem Umzug am Rosenmontag in Planig endet f\u00fcr uns auch die Stra\u00dfenfastnacht und somit die Fastnachtssaison. <br>Es war uns wie immer eine riesige Freude mit euch zu feiern und wir freuen uns schon auf die n\u00e4chste Saison mit euch. <br>Doch in der Zwischenzeit werden wir nicht unt\u00e4tig sein. Wir werden die Saison nochmal Revue passieren lassen und einige Highlights heraus arbeiten. Aber auch Optimierungspotenzial suchen und Verbesserungsvorschl\u00e4ge umsetzen.<\/p>\n\n\n\n<p>Zudem sind jetzt auch Bilder von unserer Teeny-Disco und den Umz\u00fcgen in unserer Mediathek verf\u00fcgbar. Viel Spa\u00df beim durchschauen. <\/p>\n\n\n\n<figure class=\"wp-block-image size-large\"><img loading=\"lazy\" decoding=\"async\" width=\"1024\" height=\"576\" src=\"https:\/\/kvsunneblum.de\/wp-content\/uploads\/2024\/02\/IMG-20240210-WA0011-1-1024x576.jpg\" alt=\"\" class=\"wp-image-2411\" srcset=\"https:\/\/kvsunneblum.de\/wp-content\/uploads\/2024\/02\/IMG-20240210-WA0011-1-1024x576.jpg 1024w, https:\/\/kvsunneblum.de\/wp-content\/uploads\/2024\/02\/IMG-20240210-WA0011-1-300x169.jpg 300w, https:\/\/kvsunneblum.de\/wp-content\/uploads\/2024\/02\/IMG-20240210-WA0011-1-768x432.jpg 768w, https:\/\/kvsunneblum.de\/wp-content\/uploads\/2024\/02\/IMG-20240210-WA0011-1-1536x864.jpg 1536w, https:\/\/kvsunneblum.de\/wp-content\/uploads\/2024\/02\/IMG-20240210-WA0011-1-600x338.jpg 600w, https:\/\/kvsunneblum.de\/wp-content\/uploads\/2024\/02\/IMG-20240210-WA0011-1.jpg 1600w\" sizes=\"auto, (max-width: 1024px) 100vw, 1024px\" \/><\/figure>\n","protected":false},"excerpt":{"rendered":"<p>Mit dem Umzug am Rosenmontag in Planig endet f\u00fcr uns auch die Stra\u00dfenfastnacht und somit die Fastnachtssaison. Es war uns wie immer eine riesige Freude mit euch zu feiern und wir freuen uns schon auf die n\u00e4chste Saison mit euch. Doch in der Zwischenzeit werden wir nicht unt\u00e4tig sein. Wir werden die Saison nochmal Revue [&hellip;]<\/p>\n","protected":false},"author":1,"featured_media":0,"comment_status":"open","ping_status":"open","sticky":false,"template":"","format":"standard","meta":{"site-sidebar-layout":"default","site-content-layout":"","ast-site-content-layout":"default","site-content-style":"default","site-sidebar-style":"default","ast-global-header-display":"","ast-banner-title-visibility":"","ast-main-header-display":"","ast-hfb-above-header-display":"","ast-hfb-below-header-display":"","ast-hfb-mobile-header-display":"","site-post-title":"","ast-breadcrumbs-content":"","ast-featured-img":"","footer-sml-layout":"","ast-disable-related-posts":"","theme-transparent-header-meta":"","adv-header-id-meta":"","stick-header-meta":"","header-above-stick-meta":"","header-main-stick-meta":"","header-below-stick-meta":"","astra-migrate-meta-layouts":"set","ast-page-background-enabled":"default","ast-page-background-meta":{"desktop":{"background-color":"","background-image":"","background-repeat":"repeat","background-position":"center center","background-size":"auto","background-attachment":"scroll","background-type":"","background-media":"","overlay-type":"","overlay-color":"","overlay-opacity":"","overlay-gradient":""},"tablet":{"background-color":"","background-image":"","background-repeat":"repeat","background-position":"center center","background-size":"auto","background-attachment":"scroll","background-type":"","background-media":"","overlay-type":"","overlay-color":"","overlay-opacity":"","overlay-gradient":""},"mobile":{"background-color":"","background-image":"","background-repeat":"repeat","background-position":"center center","background-size":"auto","background-attachment":"scroll","background-type":"","background-media":"","overlay-type":"","overlay-color":"","overlay-opacity":"","overlay-gradient":""}},"ast-content-background-meta":{"desktop":{"background-color":"var(--ast-global-color-5)","background-image":"","background-repeat":"repeat","background-position":"center center","background-size":"auto","background-attachment":"scroll","background-type":"","background-media":"","overlay-type":"","overlay-color":"","overlay-opacity":"","overlay-gradient":""},"tablet":{"background-color":"var(--ast-global-color-5)","background-image":"","background-repeat":"repeat","background-position":"center center","background-size":"auto","background-attachment":"scroll","background-type":"","background-media":"","overlay-type":"","overlay-color":"","overlay-opacity":"","overlay-gradient":""},"mobile":{"background-color":"var(--ast-global-color-5)","background-image":"","background-repeat":"repeat","background-position":"center center","background-size":"auto","background-attachment":"scroll","background-type":"","background-media":"","overlay-type":"","overlay-color":"","overlay-opacity":"","overlay-gradient":""}},"footnotes":""},"categories":[1],"tags":[],"class_list":["post-2408","post","type-post","status-publish","format-standard","hentry","category-allgemein"],"_links":{"self":[{"href":"https:\/\/kvsunneblum.de\/index.php?rest_route=\/wp\/v2\/posts\/2408","targetHints":{"allow":["GET"]}}],"collection":[{"href":"https:\/\/kvsunneblum.de\/index.php?rest_route=\/wp\/v2\/posts"}],"about":[{"href":"https:\/\/kvsunneblum.de\/index.php?rest_route=\/wp\/v2\/types\/post"}],"author":[{"embeddable":true,"href":"https:\/\/kvsunneblum.de\/index.php?rest_route=\/wp\/v2\/users\/1"}],"replies":[{"embeddable":true,"href":"https:\/\/kvsunneblum.de\/index.php?rest_route=%2Fwp%2Fv2%2Fcomments&post=2408"}],"version-history":[{"count":0,"href":"https:\/\/kvsunneblum.de\/index.php?rest_route=\/wp\/v2\/posts\/2408\/revisions"}],"wp:attachment":[{"href":"https:\/\/kvsunneblum.de\/index.php?rest_route=%2Fwp%2Fv2%2Fmedia&parent=2408"}],"wp:term":[{"taxonomy":"category","embeddable":true,"href":"https:\/\/kvsunneblum.de\/index.php?rest_route=%2Fwp%2Fv2%2Fcategories&post=2408"},{"taxonomy":"post_tag","embeddable":true,"href":"https:\/\/kvsunneblum.de\/index.php?rest_route=%2Fwp%2Fv2%2Ftags&post=2408"}],"curies":[{"name":"wp","href":"https:\/\/api.w.org\/{rel}","templated":true}]}}